{"id":41656,"date":"2021-03-05T12:49:45","date_gmt":"2021-03-05T11:49:45","guid":{"rendered":"https:\/\/zinkmarketing.es\/entrevista-dia-mundial-de-la-mujer-ophelie-cantin-3-2\/"},"modified":"2021-03-05T12:49:45","modified_gmt":"2021-03-05T11:49:45","slug":"entrevista-dia-mundial-de-la-mujer-ophelie-cantin-3-2","status":"publish","type":"post","link":"https:\/\/zinkmarketing.es\/respaldo\/entrevista-dia-mundial-de-la-mujer-ophelie-cantin-3-2\/","title":{"rendered":"Entrevista; D\u00eda Mundial de la Mujer Oph\u00e9lie Cantin"},"content":{"rendered":"<p>[vc_row full_width=\u00bbstretch_row\u00bb css=\u00bb.vc_custom_1570543042107{background-color: #ffffff !important;}\u00bb][vc_column][vc_column_text]<span data-contrast=\"none\">Me llamo\u00a0<\/span><span data-contrast=\"none\">Oph\u00e9lie<\/span><span data-contrast=\"none\">, tengo 30 a\u00f1os, soy francesa y vivo en Mallorca desde hace 7 a\u00f1os. Soy responsable de un <a href=\"https:\/\/zinkmarketing.es\/respaldo\/zink-team\/?lang=en\">equipo de marketing<\/a> en una agencia de viajes online. Trabajo de forma coordinada con los otros departamentos para contribuir a alcanzar los objetivos globales de la empresa. Soy responsable de crear e implementar el plan de marketing, definir la <a href=\"https:\/\/zinkmarketing.es\/respaldo\/servicios\/\">estrategia de marketing<\/a> con una visi\u00f3n completa del mercado y de la competencia. Soy encargada de planificar y gestionar las acciones de marketing de mi departamento. En fin, <strong>mi trabajo es liderar el departamento y conectar su estrategia con el resto de los de la empresa<\/strong>. Adem\u00e1s de estar al d\u00eda de las herramientas e la innovaci\u00f3n que se generan en Marketing para siempre estar actualizada y no perder ninguna posible oportunidad.<\/span><\/p>\n<h4>1. \u00bfQu\u00e9 opinas del futuro del marketing digital?<\/h4>\n<p>Es uno de los sectores del futuro. Ahora mismo, un tercio de la inversi\u00f3n publicitaria se hace online y con la digitalizaci\u00f3n del mundo este n\u00famero s\u00f3lo va creciendo. <strong>Me parece que este sector es uno de los m\u00e1s abiertos para aceptar mujeres en puestos de responsabilidad<\/strong>. Evoluciona constantemente y se adapta,\u00a0o,\u00a0mejor dicho, refleja el comportamiento de nuestra sociedad. As\u00ed que me da mucha esperanza para los pr\u00f3ximos a\u00f1os para las mujeres en el sector del marketing digital.<strong>\u00a0\u00a1Hay un mont\u00f3n de oportunidades y para todo tipo de perfiles!\u00a0<\/strong><\/p>\n<h4><span data-contrast=\"none\">2. \u00bfA qu\u00e9 retos como mujer te has enfrentado en tu carrera y c\u00f3mo los has superado? <\/span><span data-contrast=\"none\">\u00a0<\/span><span data-ccp-props=\"{&quot;134233279&quot;:true,&quot;201341983&quot;:0,&quot;335559739&quot;:160,&quot;335559740&quot;:259}\">\u00a0<\/span><\/h4>\n<p><span data-contrast=\"none\">El Marketing es un sector con gran presencia de mujeres. As\u00ed que nunca encontr\u00e9 ninguna dificultad o\u00a0<\/span><span data-contrast=\"none\">discriminacion<\/span><span data-contrast=\"none\">\u00a0para pasar entrevistas profesionales y tener un trabajo. <strong>Y tengo la suerte de trabajar para una empresa con superiores que no me discriminan por mi g\u00e9nero y valoran el talento antes de todo<\/strong>. 18 meses despu\u00e9s de empezar como ejecutiva de marketing para el mercado franc\u00e9s, me\u00a0<\/span><span data-contrast=\"none\">encargaron<\/span><span data-contrast=\"none\">\u00a0contratar, formar y liderar dos personas de mi departamento (con la subida de sueldo que corresponde) y<\/span><span data-contrast=\"none\">,\u00a0<\/span><strong>un a\u00f1o despu\u00e9s, liderar todo el equipo de marketing de este mismo departamento.\u00a0\u00a0<\/strong><\/p>\n<p><span data-contrast=\"none\">Cuando empec\u00e9,\u00a0<\/span><span data-contrast=\"none\">a<\/span><span data-contrast=\"none\">\u00a0veces era la \u00fanica mujer en una sala de reuni\u00f3n con 20 hombres (y seguro que era la \u00fanica en darme cuenta de lo raro de esta situaci\u00f3n). Casi 4 a\u00f1os despu\u00e9s, en mi departamento, hay una mujer por cada dos hombres, lo que en una empresa con un enfoque muy fuerte a la tecnolog\u00eda (un sector a\u00fan muy masculino), <strong>me parece ya un paso bastante grande.<\/strong><\/span><strong>\u00a0<\/strong><\/p>\n<p><span data-contrast=\"none\">A\u00fan as\u00ed, en general, <strong>queda mucho trabajo para tener paridad en los puestos directivos y de m\u00e1s alta responsabilidad<\/strong>.<\/span><span data-ccp-props=\"{&quot;201341983&quot;:0,&quot;335559739&quot;:160,&quot;335559740&quot;:259}\"> H<\/span><span data-contrast=\"none\">e vivido durante toda mi carrera, como la\u00a0<\/span><span data-contrast=\"none\">mayor\u00eda<\/span><span data-contrast=\"none\">\u00a0de las mujeres, supongo, lo que se llama\u00a0<\/span><span data-contrast=\"none\">micromachismos<\/span><span data-contrast=\"none\">, como<\/span><span data-contrast=\"none\">,<\/span><span data-contrast=\"none\">\u00a0por ejemplo, cortarme mientras estoy hablando,\u00a0<\/span><span data-contrast=\"none\">mansplaining<\/span><span data-contrast=\"none\">, burlas inocentes sobre mi estado emocional<\/span><span data-contrast=\"none\">,\u00a0<\/span><span data-contrast=\"none\">etc<\/span><span data-contrast=\"none\">.<\/span><\/p>\n<h4><span data-contrast=\"none\">3. \u00bfQu\u00e9 consejo le dar\u00edas a una mujer joven que intente acceder a un puesto como el tuyo?<\/span><span data-contrast=\"none\">\u00a0<\/span><span data-ccp-props=\"{&quot;134233279&quot;:true,&quot;201341983&quot;:0,&quot;335559739&quot;:160,&quot;335559740&quot;:259}\">\u00a0<\/span><\/h4>\n<p><span data-contrast=\"none\">Tener mucha confianza, no tener miedo\u00a0<\/span><span data-contrast=\"none\">a\u00a0<\/span><span data-contrast=\"none\">pedir lo que\u00a0<\/span><span data-contrast=\"none\">crees que es<\/span><span data-contrast=\"none\">\u00a0justo y luchar sin parar.\u00a0<\/span><span data-contrast=\"none\">Muchas personas hacen que las mujeres piensen que no se merecen lo que logran y debemos dejar de caer en esto.<\/span><span data-contrast=\"none\">\u00a0Tenemos que valorarnos mucho m\u00e1s.\u00a0<\/span><span data-contrast=\"none\">Te<\/span><span data-contrast=\"none\">n<\/span><span data-contrast=\"none\">er ambici\u00f3n no es algo de lo que\u00a0<\/span><span data-contrast=\"none\">avergonzarse<\/span><span data-contrast=\"none\">. <strong>Luego, algo que se aplica a cualquier persona independiente<\/strong><\/span><strong>mente\u00a0del g\u00e9nero, pero que me parece importante,\u00a0es tener muchas ganas de aprender, de transmitir, ser muy curiosa y proactiva.\u00a0<\/strong><\/p>\n<h4><span data-contrast=\"none\">\u00a04. <\/span><span data-contrast=\"none\">\u00bfC\u00f3mo rompiste el techo de cristal en tu vida laboral?<\/span><span data-contrast=\"none\">\u00a0<\/span><span data-ccp-props=\"{&quot;134233279&quot;:true,&quot;201341983&quot;:0,&quot;335559739&quot;:160,&quot;335559740&quot;:259}\">\u00a0<\/span><span data-ccp-props=\"{&quot;201341983&quot;:0,&quot;335559739&quot;:160,&quot;335559740&quot;:259}\">\u00a0<\/span><\/h4>\n<p><span data-contrast=\"none\">Trabajando duro, teniendo un objetivo claro y sin dudar en que puedo conseguirlo. <strong>Es importante tambi\u00e9n apoyarse en personas que te pueden elevar en la empresa<\/strong>. En mi caso, tengo la suerte de siempre haber podido contar con mi superior, que me respalda todo el tiempo, me anima y me ayuda a crecer<\/span><span data-contrast=\"none\">, <strong>\u00a1p<\/strong><\/span><strong>ero tengo a\u00fan muchas cosas m\u00e1s por conseguir!\u00a0<\/strong><\/p>\n<h4><span data-contrast=\"none\">5. \u00bfC\u00f3mo de importante es para las mujeres apoyarse unas a otras y que significa para ti?<\/span><span data-contrast=\"none\">\u00a0<\/span><span data-ccp-props=\"{&quot;134233279&quot;:true,&quot;201341983&quot;:0,&quot;335559739&quot;:160,&quot;335559740&quot;:259}\">\u00a0<\/span><span data-ccp-props=\"{&quot;201341983&quot;:0,&quot;335559739&quot;:160,&quot;335559740&quot;:259}\">\u00a0<\/span><\/h4>\n<p><span data-contrast=\"none\">\u00a1<\/span><span data-contrast=\"none\">Lo m\u00e1s importante! Hay un mito (que puede ser realidad) que las mujeres son competitivas entre ellas, llenas de envidia<\/span><span data-contrast=\"none\">,<\/span><span data-contrast=\"none\">\u00a0pero eso nunca ha sido mi filosof\u00eda<\/span><span data-contrast=\"none\">. P<\/span><span data-contrast=\"none\">ara m\u00ed, es natural tener los intereses de una mujer y soy la primera en alegrarme de los logros de una amiga o compa\u00f1era de trabajo<\/span><span data-contrast=\"none\">.\u00a0<\/span><span data-contrast=\"none\"><strong>Me llena de satisfacci\u00f3n que una mujer tenga \u00e9xito profesional<\/strong>. Cuanto m\u00e1s seamos, m\u00e1s f\u00e1cil ser\u00e1 para las pr\u00f3ximas generaciones obtener un puesto directivo.<\/span><span data-ccp-props=\"{&quot;201341983&quot;:0,&quot;335559739&quot;:160,&quot;335559740&quot;:259}\">\u00a0<\/span>[\/vc_column_text][\/vc_column][\/vc_row]<\/p>\n","protected":false},"excerpt":{"rendered":"<p>[vc_row full_width=\u00bbstretch_row\u00bb css=\u00bb.vc_custom_1570543042107{background-color: #ffffff !important;}\u00bb][vc_column][vc_column_text]Me llamo\u00a0Oph\u00e9lie, tengo 30 a\u00f1os, soy francesa y vivo en Mallorca&#8230;<\/p>\n","protected":false},"author":1,"featured_media":41578,"comment_status":"open","ping_status":"open","sticky":false,"template":"","format":"standard","meta":{"footnotes":""},"categories":[343],"tags":[382,383,381],"class_list":["post-41656","post","type-post","status-publish","format-standard","has-post-thumbnail","hentry","category-marketing","tag-dia-mundial-de-la-mujer","tag-entrevista-markeitng","tag-mujeres-en-marketing"],"yoast_head":"<!-- This site is optimized with the Yoast SEO plugin v23.5 - https:\/\/yoast.com\/wordpress\/plugins\/seo\/ -->\n<title>Entrevista; D\u00eda Mundial de la Mujer Oph\u00e9lie Cantin<\/title>\n<meta name=\"description\" content=\"Entrevista\u00a0con\u00a0Anna\u00a0Eseban\u00a0Executive Director - Head of Business Development Continental Europe.\" \/>\n<meta name=\"robots\" content=\"noindex, follow, max-snippet:-1, max-image-preview:large, max-video-preview:-1\" \/>\n<meta property=\"og:locale\" content=\"es_ES\" \/>\n<meta property=\"og:type\" content=\"article\" \/>\n<meta property=\"og:title\" content=\"Entrevista; D\u00eda Mundial de la Mujer Oph\u00e9lie Cantin\" \/>\n<meta property=\"og:description\" content=\"Entrevista\u00a0con\u00a0Anna\u00a0Eseban\u00a0Executive Director - Head of Business Development Continental Europe.\" \/>\n<meta property=\"og:url\" content=\"https:\/\/zinkmarketing.es\/respaldo\/entrevista-dia-mundial-de-la-mujer-ophelie-cantin-3-2\/\" \/>\n<meta property=\"og:site_name\" content=\"Zink Marketing\" \/>\n<meta property=\"article:published_time\" content=\"2021-03-05T11:49:45+00:00\" \/>\n<meta property=\"og:image\" content=\"https:\/\/zinkmarketing.es\/respaldo\/wp-content\/uploads\/2021\/03\/blog-zink_Ophelie-scaled.jpg\" \/>\n\t<meta property=\"og:image:width\" content=\"2560\" \/>\n\t<meta property=\"og:image:height\" content=\"1280\" \/>\n\t<meta property=\"og:image:type\" content=\"image\/jpeg\" \/>\n<meta name=\"author\" content=\"zinkmarketing\" \/>\n<meta name=\"twitter:card\" content=\"summary_large_image\" \/>\n<meta name=\"twitter:label1\" content=\"Escrito por\" \/>\n\t<meta name=\"twitter:data1\" content=\"zinkmarketing\" \/>\n\t<meta name=\"twitter:label2\" content=\"Tiempo de lectura\" \/>\n\t<meta name=\"twitter:data2\" content=\"4 minutos\" \/>\n<script type=\"application\/ld+json\" class=\"yoast-schema-graph\">{\"@context\":\"https:\/\/schema.org\",\"@graph\":[{\"@type\":\"WebPage\",\"@id\":\"https:\/\/zinkmarketing.es\/respaldo\/entrevista-dia-mundial-de-la-mujer-ophelie-cantin-3-2\/\",\"url\":\"https:\/\/zinkmarketing.es\/respaldo\/entrevista-dia-mundial-de-la-mujer-ophelie-cantin-3-2\/\",\"name\":\"Entrevista; D\u00eda Mundial de la Mujer Oph\u00e9lie Cantin\",\"isPartOf\":{\"@id\":\"https:\/\/zinkmarketing.es\/respaldo\/#website\"},\"primaryImageOfPage\":{\"@id\":\"https:\/\/zinkmarketing.es\/respaldo\/entrevista-dia-mundial-de-la-mujer-ophelie-cantin-3-2\/#primaryimage\"},\"image\":{\"@id\":\"https:\/\/zinkmarketing.es\/respaldo\/entrevista-dia-mundial-de-la-mujer-ophelie-cantin-3-2\/#primaryimage\"},\"thumbnailUrl\":\"https:\/\/zinkmarketing.es\/respaldo\/wp-content\/uploads\/2021\/03\/blog-zink_Ophelie-scaled.jpg\",\"datePublished\":\"2021-03-05T11:49:45+00:00\",\"dateModified\":\"2021-03-05T11:49:45+00:00\",\"author\":{\"@id\":\"https:\/\/zinkmarketing.es\/respaldo\/#\/schema\/person\/32158291b36d3968ce6cdba3947a21d9\"},\"description\":\"Entrevista\u00a0con\u00a0Anna\u00a0Eseban\u00a0Executive Director - Head of Business Development Continental Europe.\",\"breadcrumb\":{\"@id\":\"https:\/\/zinkmarketing.es\/respaldo\/entrevista-dia-mundial-de-la-mujer-ophelie-cantin-3-2\/#breadcrumb\"},\"inLanguage\":\"es\",\"potentialAction\":[{\"@type\":\"ReadAction\",\"target\":[\"https:\/\/zinkmarketing.es\/respaldo\/entrevista-dia-mundial-de-la-mujer-ophelie-cantin-3-2\/\"]}]},{\"@type\":\"ImageObject\",\"inLanguage\":\"es\",\"@id\":\"https:\/\/zinkmarketing.es\/respaldo\/entrevista-dia-mundial-de-la-mujer-ophelie-cantin-3-2\/#primaryimage\",\"url\":\"https:\/\/zinkmarketing.es\/respaldo\/wp-content\/uploads\/2021\/03\/blog-zink_Ophelie-scaled.jpg\",\"contentUrl\":\"https:\/\/zinkmarketing.es\/respaldo\/wp-content\/uploads\/2021\/03\/blog-zink_Ophelie-scaled.jpg\",\"width\":2560,\"height\":1280},{\"@type\":\"BreadcrumbList\",\"@id\":\"https:\/\/zinkmarketing.es\/respaldo\/entrevista-dia-mundial-de-la-mujer-ophelie-cantin-3-2\/#breadcrumb\",\"itemListElement\":[{\"@type\":\"ListItem\",\"position\":1,\"name\":\"Portada\",\"item\":\"https:\/\/zinkmarketing.es\/respaldo\/\"},{\"@type\":\"ListItem\",\"position\":2,\"name\":\"Entrevista; D\u00eda Mundial de la Mujer Oph\u00e9lie Cantin\"}]},{\"@type\":\"WebSite\",\"@id\":\"https:\/\/zinkmarketing.es\/respaldo\/#website\",\"url\":\"https:\/\/zinkmarketing.es\/respaldo\/\",\"name\":\"Zink Marketing\",\"description\":\"| Agencia de Marketing Online &amp; Inbound\",\"potentialAction\":[{\"@type\":\"SearchAction\",\"target\":{\"@type\":\"EntryPoint\",\"urlTemplate\":\"https:\/\/zinkmarketing.es\/respaldo\/?s={search_term_string}\"},\"query-input\":{\"@type\":\"PropertyValueSpecification\",\"valueRequired\":true,\"valueName\":\"search_term_string\"}}],\"inLanguage\":\"es\"},{\"@type\":\"Person\",\"@id\":\"https:\/\/zinkmarketing.es\/respaldo\/#\/schema\/person\/32158291b36d3968ce6cdba3947a21d9\",\"name\":\"zinkmarketing\",\"image\":{\"@type\":\"ImageObject\",\"inLanguage\":\"es\",\"@id\":\"https:\/\/zinkmarketing.es\/respaldo\/#\/schema\/person\/image\/\",\"url\":\"https:\/\/secure.gravatar.com\/avatar\/eef90486c73103c4d268e3713bff4fa5?s=96&d=mm&r=g\",\"contentUrl\":\"https:\/\/secure.gravatar.com\/avatar\/eef90486c73103c4d268e3713bff4fa5?s=96&d=mm&r=g\",\"caption\":\"zinkmarketing\"},\"url\":\"https:\/\/zinkmarketing.es\/respaldo\/author\/zinkmarketing\/\"}]}<\/script>\n<!-- \/ Yoast SEO plugin. -->","yoast_head_json":{"title":"Entrevista; D\u00eda Mundial de la Mujer Oph\u00e9lie Cantin","description":"Entrevista\u00a0con\u00a0Anna\u00a0Eseban\u00a0Executive Director - Head of Business Development Continental Europe.","robots":{"index":"noindex","follow":"follow","max-snippet":"max-snippet:-1","max-image-preview":"max-image-preview:large","max-video-preview":"max-video-preview:-1"},"og_locale":"es_ES","og_type":"article","og_title":"Entrevista; D\u00eda Mundial de la Mujer Oph\u00e9lie Cantin","og_description":"Entrevista\u00a0con\u00a0Anna\u00a0Eseban\u00a0Executive Director - Head of Business Development Continental Europe.","og_url":"https:\/\/zinkmarketing.es\/respaldo\/entrevista-dia-mundial-de-la-mujer-ophelie-cantin-3-2\/","og_site_name":"Zink Marketing","article_published_time":"2021-03-05T11:49:45+00:00","og_image":[{"width":2560,"height":1280,"url":"https:\/\/zinkmarketing.es\/respaldo\/wp-content\/uploads\/2021\/03\/blog-zink_Ophelie-scaled.jpg","type":"image\/jpeg"}],"author":"zinkmarketing","twitter_card":"summary_large_image","twitter_misc":{"Escrito por":"zinkmarketing","Tiempo de lectura":"4 minutos"},"schema":{"@context":"https:\/\/schema.org","@graph":[{"@type":"WebPage","@id":"https:\/\/zinkmarketing.es\/respaldo\/entrevista-dia-mundial-de-la-mujer-ophelie-cantin-3-2\/","url":"https:\/\/zinkmarketing.es\/respaldo\/entrevista-dia-mundial-de-la-mujer-ophelie-cantin-3-2\/","name":"Entrevista; D\u00eda Mundial de la Mujer Oph\u00e9lie Cantin","isPartOf":{"@id":"https:\/\/zinkmarketing.es\/respaldo\/#website"},"primaryImageOfPage":{"@id":"https:\/\/zinkmarketing.es\/respaldo\/entrevista-dia-mundial-de-la-mujer-ophelie-cantin-3-2\/#primaryimage"},"image":{"@id":"https:\/\/zinkmarketing.es\/respaldo\/entrevista-dia-mundial-de-la-mujer-ophelie-cantin-3-2\/#primaryimage"},"thumbnailUrl":"https:\/\/zinkmarketing.es\/respaldo\/wp-content\/uploads\/2021\/03\/blog-zink_Ophelie-scaled.jpg","datePublished":"2021-03-05T11:49:45+00:00","dateModified":"2021-03-05T11:49:45+00:00","author":{"@id":"https:\/\/zinkmarketing.es\/respaldo\/#\/schema\/person\/32158291b36d3968ce6cdba3947a21d9"},"description":"Entrevista\u00a0con\u00a0Anna\u00a0Eseban\u00a0Executive Director - Head of Business Development Continental Europe.","breadcrumb":{"@id":"https:\/\/zinkmarketing.es\/respaldo\/entrevista-dia-mundial-de-la-mujer-ophelie-cantin-3-2\/#breadcrumb"},"inLanguage":"es","potentialAction":[{"@type":"ReadAction","target":["https:\/\/zinkmarketing.es\/respaldo\/entrevista-dia-mundial-de-la-mujer-ophelie-cantin-3-2\/"]}]},{"@type":"ImageObject","inLanguage":"es","@id":"https:\/\/zinkmarketing.es\/respaldo\/entrevista-dia-mundial-de-la-mujer-ophelie-cantin-3-2\/#primaryimage","url":"https:\/\/zinkmarketing.es\/respaldo\/wp-content\/uploads\/2021\/03\/blog-zink_Ophelie-scaled.jpg","contentUrl":"https:\/\/zinkmarketing.es\/respaldo\/wp-content\/uploads\/2021\/03\/blog-zink_Ophelie-scaled.jpg","width":2560,"height":1280},{"@type":"BreadcrumbList","@id":"https:\/\/zinkmarketing.es\/respaldo\/entrevista-dia-mundial-de-la-mujer-ophelie-cantin-3-2\/#breadcrumb","itemListElement":[{"@type":"ListItem","position":1,"name":"Portada","item":"https:\/\/zinkmarketing.es\/respaldo\/"},{"@type":"ListItem","position":2,"name":"Entrevista; D\u00eda Mundial de la Mujer Oph\u00e9lie Cantin"}]},{"@type":"WebSite","@id":"https:\/\/zinkmarketing.es\/respaldo\/#website","url":"https:\/\/zinkmarketing.es\/respaldo\/","name":"Zink Marketing","description":"| Agencia de Marketing Online &amp; Inbound","potentialAction":[{"@type":"SearchAction","target":{"@type":"EntryPoint","urlTemplate":"https:\/\/zinkmarketing.es\/respaldo\/?s={search_term_string}"},"query-input":{"@type":"PropertyValueSpecification","valueRequired":true,"valueName":"search_term_string"}}],"inLanguage":"es"},{"@type":"Person","@id":"https:\/\/zinkmarketing.es\/respaldo\/#\/schema\/person\/32158291b36d3968ce6cdba3947a21d9","name":"zinkmarketing","image":{"@type":"ImageObject","inLanguage":"es","@id":"https:\/\/zinkmarketing.es\/respaldo\/#\/schema\/person\/image\/","url":"https:\/\/secure.gravatar.com\/avatar\/eef90486c73103c4d268e3713bff4fa5?s=96&d=mm&r=g","contentUrl":"https:\/\/secure.gravatar.com\/avatar\/eef90486c73103c4d268e3713bff4fa5?s=96&d=mm&r=g","caption":"zinkmarketing"},"url":"https:\/\/zinkmarketing.es\/respaldo\/author\/zinkmarketing\/"}]}},"_links":{"self":[{"href":"https:\/\/zinkmarketing.es\/respaldo\/wp-json\/wp\/v2\/posts\/41656"}],"collection":[{"href":"https:\/\/zinkmarketing.es\/respaldo\/wp-json\/wp\/v2\/posts"}],"about":[{"href":"https:\/\/zinkmarketing.es\/respaldo\/wp-json\/wp\/v2\/types\/post"}],"author":[{"embeddable":true,"href":"https:\/\/zinkmarketing.es\/respaldo\/wp-json\/wp\/v2\/users\/1"}],"replies":[{"embeddable":true,"href":"https:\/\/zinkmarketing.es\/respaldo\/wp-json\/wp\/v2\/comments?post=41656"}],"version-history":[{"count":0,"href":"https:\/\/zinkmarketing.es\/respaldo\/wp-json\/wp\/v2\/posts\/41656\/revisions"}],"wp:featuredmedia":[{"embeddable":true,"href":"https:\/\/zinkmarketing.es\/respaldo\/wp-json\/wp\/v2\/media\/41578"}],"wp:attachment":[{"href":"https:\/\/zinkmarketing.es\/respaldo\/wp-json\/wp\/v2\/media?parent=41656"}],"wp:term":[{"taxonomy":"category","embeddable":true,"href":"https:\/\/zinkmarketing.es\/respaldo\/wp-json\/wp\/v2\/categories?post=41656"},{"taxonomy":"post_tag","embeddable":true,"href":"https:\/\/zinkmarketing.es\/respaldo\/wp-json\/wp\/v2\/tags?post=41656"}],"curies":[{"name":"wp","href":"https:\/\/api.w.org\/{rel}","templated":true}]}}