{"id":39400,"date":"2020-11-13T12:56:45","date_gmt":"2020-11-13T11:56:45","guid":{"rendered":"https:\/\/zinkmarketing.es\/basicos-de-traduccion-en-marketing-que-debes-conocer-2-3\/"},"modified":"2021-01-28T11:18:24","modified_gmt":"2021-01-28T10:18:24","slug":"ser-becario-en-una-de-las-primeras-ferias-virtuales-internacionales","status":"publish","type":"post","link":"https:\/\/zinkmarketing.es\/respaldo\/ser-becario-en-una-de-las-primeras-ferias-virtuales-internacionales\/","title":{"rendered":"Ser becario en una de las primeras ferias virtuales internacionales"},"content":{"rendered":"<p>[vc_row full_width=\u00bbstretch_row\u00bb css=\u00bb.vc_custom_1570543042107{background-color: #ffffff !important;}\u00bb][vc_column][vc_column_text]\u00bfC\u00f3mo desarrollar unas pr\u00e1cticas en una agencia de marketing y participar en la gesti\u00f3n de unas de las primera ferias virtuales internacionales en la pandemia?<\/p>\n<p>Sin duda la organizaci\u00f3n de una feria 100% virtual de car\u00e1cter internacional en plena pandemia supone para una agencia de marketing un gran reto de transformaci\u00f3n. Una feria virtual cuenta con \u201cstands\u201d, eventos, conferencias, sesiones de networking, de formaci\u00f3n, \u2026 Todo ello supone la necesidad de contar con un equipo multidisciplinar, dedicado, totalmente coordinado y con gran capacidad y aptitudes para acompa\u00f1ar a miles de asistentes en su experiencia ferial.<\/p>\n<p>Soy Carolina, tengo 39 a\u00f1os y soy de Barcelona. Soy licenciada en Traducci\u00f3n e Interpretaci\u00f3n, especializada en interpretaci\u00f3n judicial y con m\u00e1s de 20 a\u00f1os de experiencia en competici\u00f3n deportiva, concretamente federada en nataci\u00f3n. Nunca pens\u00e9 que encontrara hueco en una empresa de Marketing; pero s\u00ed, lo he encontrado en Zink Marketing, donde puedo aportar mi experiencia y exprimir mi vocaci\u00f3n a la vez que descubro el mundo del Marketing.<\/p>\n<p>Soy Paquita, tengo 22 y soy de Mallorca. Me gradu\u00e9 en Publicidad y Relaciones P\u00fablicas por la Universidad Complutense de Madrid y soy una apasionada de la danza cl\u00e1sica. Tengo el grado elemental y estoy form\u00e1ndome para obtener el grado profesional. Tengo experiencia en planificaci\u00f3n de medios y compagino mis pr\u00e1cticas en la organizaci\u00f3n de un festival de m\u00fasica con ser becaria en Zink.<\/p>\n<p>Soy Francina, tengo 21 a\u00f1os y soy de Mallorca. Actualmente, estoy estudiando el \u00faltimo curso de Turismo en la Universidad de les Illes Balears. Enfoco mi futuro profesional en el mundo de los eventos, incentivos y convenciones (curso MICE). Mi formaci\u00f3n acad\u00e9mica me permite tener una visi\u00f3n global y aplicar mis conocimientos al marketing empresarial.<\/p>\n<p>Nosotras somos un ejemplo de c\u00f3mo perfiles dispares pueden trabajar conjuntamente en un objetivo com\u00fan.<\/p>\n<p>\u00a1Nosotras tambi\u00e9n fuimos part\u00edcipes de este gran proyecto de Feria internacional online y estamos muy orgullosas de nuestra aportaci\u00f3n! Quiz\u00e1s est\u00e9 mal decirlo pero nos sienta muy bien sentirlo![\/vc_column_text][\/vc_column][\/vc_row]<\/p>\n","protected":false},"excerpt":{"rendered":"<p>[vc_row full_width=\u00bbstretch_row\u00bb css=\u00bb.vc_custom_1570543042107{background-color: #ffffff !important;}\u00bb][vc_column][vc_column_text]\u00bfC\u00f3mo desarrollar unas pr\u00e1cticas en una agencia de marketing y participar&#8230;<\/p>\n","protected":false},"author":1,"featured_media":37019,"comment_status":"open","ping_status":"open","sticky":false,"template":"","format":"standard","meta":{"footnotes":""},"categories":[343],"tags":[],"class_list":["post-39400","post","type-post","status-publish","format-standard","has-post-thumbnail","hentry","category-marketing"],"yoast_head":"<!-- This site is optimized with the Yoast SEO plugin v23.5 - https:\/\/yoast.com\/wordpress\/plugins\/seo\/ -->\n<title>Ser becario en una de las primeras ferias virtuales internacionales<\/title>\n<meta name=\"description\" content=\"Desarrollar unas pr\u00e1cticas en una agencia de marketing y participar en la gesti\u00f3n de unas de las primera ferias virtuales internacionales en la pandemia.\" \/>\n<meta name=\"robots\" content=\"noindex, follow, max-snippet:-1, max-image-preview:large, max-video-preview:-1\" \/>\n<meta property=\"og:locale\" content=\"es_ES\" \/>\n<meta property=\"og:type\" content=\"article\" \/>\n<meta property=\"og:title\" content=\"Ser becario en una de las primeras ferias virtuales internacionales\" \/>\n<meta property=\"og:description\" content=\"Desarrollar unas pr\u00e1cticas en una agencia de marketing y participar en la gesti\u00f3n de unas de las primera ferias virtuales internacionales en la pandemia.\" \/>\n<meta property=\"og:url\" content=\"https:\/\/zinkmarketing.es\/respaldo\/ser-becario-en-una-de-las-primeras-ferias-virtuales-internacionales\/\" \/>\n<meta property=\"og:site_name\" content=\"Zink Marketing\" \/>\n<meta property=\"article:published_time\" content=\"2020-11-13T11:56:45+00:00\" \/>\n<meta property=\"article:modified_time\" content=\"2021-01-28T10:18:24+00:00\" \/>\n<meta property=\"og:image\" content=\"https:\/\/zinkmarketing.es\/respaldo\/wp-content\/uploads\/2020\/05\/Tu-Agencia-de-Marketing.jpg\" \/>\n\t<meta property=\"og:image:width\" content=\"861\" \/>\n\t<meta property=\"og:image:height\" content=\"506\" \/>\n\t<meta property=\"og:image:type\" content=\"image\/jpeg\" \/>\n<meta name=\"author\" content=\"zinkmarketing\" \/>\n<meta name=\"twitter:card\" content=\"summary_large_image\" \/>\n<meta name=\"twitter:label1\" content=\"Escrito por\" \/>\n\t<meta name=\"twitter:data1\" content=\"zinkmarketing\" \/>\n\t<meta name=\"twitter:label2\" content=\"Tiempo de lectura\" \/>\n\t<meta name=\"twitter:data2\" content=\"2 minutos\" \/>\n<script type=\"application\/ld+json\" class=\"yoast-schema-graph\">{\"@context\":\"https:\/\/schema.org\",\"@graph\":[{\"@type\":\"WebPage\",\"@id\":\"https:\/\/zinkmarketing.es\/respaldo\/ser-becario-en-una-de-las-primeras-ferias-virtuales-internacionales\/\",\"url\":\"https:\/\/zinkmarketing.es\/respaldo\/ser-becario-en-una-de-las-primeras-ferias-virtuales-internacionales\/\",\"name\":\"Ser becario en una de las primeras ferias virtuales internacionales\",\"isPartOf\":{\"@id\":\"https:\/\/zinkmarketing.es\/respaldo\/#website\"},\"primaryImageOfPage\":{\"@id\":\"https:\/\/zinkmarketing.es\/respaldo\/ser-becario-en-una-de-las-primeras-ferias-virtuales-internacionales\/#primaryimage\"},\"image\":{\"@id\":\"https:\/\/zinkmarketing.es\/respaldo\/ser-becario-en-una-de-las-primeras-ferias-virtuales-internacionales\/#primaryimage\"},\"thumbnailUrl\":\"https:\/\/zinkmarketing.es\/respaldo\/wp-content\/uploads\/2020\/05\/Tu-Agencia-de-Marketing.jpg\",\"datePublished\":\"2020-11-13T11:56:45+00:00\",\"dateModified\":\"2021-01-28T10:18:24+00:00\",\"author\":{\"@id\":\"https:\/\/zinkmarketing.es\/respaldo\/#\/schema\/person\/32158291b36d3968ce6cdba3947a21d9\"},\"description\":\"Desarrollar unas pr\u00e1cticas en una agencia de marketing y participar en la gesti\u00f3n de unas de las primera ferias virtuales internacionales en la pandemia.\",\"breadcrumb\":{\"@id\":\"https:\/\/zinkmarketing.es\/respaldo\/ser-becario-en-una-de-las-primeras-ferias-virtuales-internacionales\/#breadcrumb\"},\"inLanguage\":\"es\",\"potentialAction\":[{\"@type\":\"ReadAction\",\"target\":[\"https:\/\/zinkmarketing.es\/respaldo\/ser-becario-en-una-de-las-primeras-ferias-virtuales-internacionales\/\"]}]},{\"@type\":\"ImageObject\",\"inLanguage\":\"es\",\"@id\":\"https:\/\/zinkmarketing.es\/respaldo\/ser-becario-en-una-de-las-primeras-ferias-virtuales-internacionales\/#primaryimage\",\"url\":\"https:\/\/zinkmarketing.es\/respaldo\/wp-content\/uploads\/2020\/05\/Tu-Agencia-de-Marketing.jpg\",\"contentUrl\":\"https:\/\/zinkmarketing.es\/respaldo\/wp-content\/uploads\/2020\/05\/Tu-Agencia-de-Marketing.jpg\",\"width\":861,\"height\":506,\"caption\":\"Becarios Zink Marketing feria virtual internacional\"},{\"@type\":\"BreadcrumbList\",\"@id\":\"https:\/\/zinkmarketing.es\/respaldo\/ser-becario-en-una-de-las-primeras-ferias-virtuales-internacionales\/#breadcrumb\",\"itemListElement\":[{\"@type\":\"ListItem\",\"position\":1,\"name\":\"Portada\",\"item\":\"https:\/\/zinkmarketing.es\/respaldo\/\"},{\"@type\":\"ListItem\",\"position\":2,\"name\":\"Ser becario en una de las primeras ferias virtuales internacionales\"}]},{\"@type\":\"WebSite\",\"@id\":\"https:\/\/zinkmarketing.es\/respaldo\/#website\",\"url\":\"https:\/\/zinkmarketing.es\/respaldo\/\",\"name\":\"Zink Marketing\",\"description\":\"| Agencia de Marketing Online &amp; Inbound\",\"potentialAction\":[{\"@type\":\"SearchAction\",\"target\":{\"@type\":\"EntryPoint\",\"urlTemplate\":\"https:\/\/zinkmarketing.es\/respaldo\/?s={search_term_string}\"},\"query-input\":{\"@type\":\"PropertyValueSpecification\",\"valueRequired\":true,\"valueName\":\"search_term_string\"}}],\"inLanguage\":\"es\"},{\"@type\":\"Person\",\"@id\":\"https:\/\/zinkmarketing.es\/respaldo\/#\/schema\/person\/32158291b36d3968ce6cdba3947a21d9\",\"name\":\"zinkmarketing\",\"image\":{\"@type\":\"ImageObject\",\"inLanguage\":\"es\",\"@id\":\"https:\/\/zinkmarketing.es\/respaldo\/#\/schema\/person\/image\/\",\"url\":\"https:\/\/secure.gravatar.com\/avatar\/eef90486c73103c4d268e3713bff4fa5?s=96&d=mm&r=g\",\"contentUrl\":\"https:\/\/secure.gravatar.com\/avatar\/eef90486c73103c4d268e3713bff4fa5?s=96&d=mm&r=g\",\"caption\":\"zinkmarketing\"},\"url\":\"https:\/\/zinkmarketing.es\/respaldo\/author\/zinkmarketing\/\"}]}<\/script>\n<!-- \/ Yoast SEO plugin. -->","yoast_head_json":{"title":"Ser becario en una de las primeras ferias virtuales internacionales","description":"Desarrollar unas pr\u00e1cticas en una agencia de marketing y participar en la gesti\u00f3n de unas de las primera ferias virtuales internacionales en la pandemia.","robots":{"index":"noindex","follow":"follow","max-snippet":"max-snippet:-1","max-image-preview":"max-image-preview:large","max-video-preview":"max-video-preview:-1"},"og_locale":"es_ES","og_type":"article","og_title":"Ser becario en una de las primeras ferias virtuales internacionales","og_description":"Desarrollar unas pr\u00e1cticas en una agencia de marketing y participar en la gesti\u00f3n de unas de las primera ferias virtuales internacionales en la pandemia.","og_url":"https:\/\/zinkmarketing.es\/respaldo\/ser-becario-en-una-de-las-primeras-ferias-virtuales-internacionales\/","og_site_name":"Zink Marketing","article_published_time":"2020-11-13T11:56:45+00:00","article_modified_time":"2021-01-28T10:18:24+00:00","og_image":[{"width":861,"height":506,"url":"https:\/\/zinkmarketing.es\/respaldo\/wp-content\/uploads\/2020\/05\/Tu-Agencia-de-Marketing.jpg","type":"image\/jpeg"}],"author":"zinkmarketing","twitter_card":"summary_large_image","twitter_misc":{"Escrito por":"zinkmarketing","Tiempo de lectura":"2 minutos"},"schema":{"@context":"https:\/\/schema.org","@graph":[{"@type":"WebPage","@id":"https:\/\/zinkmarketing.es\/respaldo\/ser-becario-en-una-de-las-primeras-ferias-virtuales-internacionales\/","url":"https:\/\/zinkmarketing.es\/respaldo\/ser-becario-en-una-de-las-primeras-ferias-virtuales-internacionales\/","name":"Ser becario en una de las primeras ferias virtuales internacionales","isPartOf":{"@id":"https:\/\/zinkmarketing.es\/respaldo\/#website"},"primaryImageOfPage":{"@id":"https:\/\/zinkmarketing.es\/respaldo\/ser-becario-en-una-de-las-primeras-ferias-virtuales-internacionales\/#primaryimage"},"image":{"@id":"https:\/\/zinkmarketing.es\/respaldo\/ser-becario-en-una-de-las-primeras-ferias-virtuales-internacionales\/#primaryimage"},"thumbnailUrl":"https:\/\/zinkmarketing.es\/respaldo\/wp-content\/uploads\/2020\/05\/Tu-Agencia-de-Marketing.jpg","datePublished":"2020-11-13T11:56:45+00:00","dateModified":"2021-01-28T10:18:24+00:00","author":{"@id":"https:\/\/zinkmarketing.es\/respaldo\/#\/schema\/person\/32158291b36d3968ce6cdba3947a21d9"},"description":"Desarrollar unas pr\u00e1cticas en una agencia de marketing y participar en la gesti\u00f3n de unas de las primera ferias virtuales internacionales en la pandemia.","breadcrumb":{"@id":"https:\/\/zinkmarketing.es\/respaldo\/ser-becario-en-una-de-las-primeras-ferias-virtuales-internacionales\/#breadcrumb"},"inLanguage":"es","potentialAction":[{"@type":"ReadAction","target":["https:\/\/zinkmarketing.es\/respaldo\/ser-becario-en-una-de-las-primeras-ferias-virtuales-internacionales\/"]}]},{"@type":"ImageObject","inLanguage":"es","@id":"https:\/\/zinkmarketing.es\/respaldo\/ser-becario-en-una-de-las-primeras-ferias-virtuales-internacionales\/#primaryimage","url":"https:\/\/zinkmarketing.es\/respaldo\/wp-content\/uploads\/2020\/05\/Tu-Agencia-de-Marketing.jpg","contentUrl":"https:\/\/zinkmarketing.es\/respaldo\/wp-content\/uploads\/2020\/05\/Tu-Agencia-de-Marketing.jpg","width":861,"height":506,"caption":"Becarios Zink Marketing feria virtual internacional"},{"@type":"BreadcrumbList","@id":"https:\/\/zinkmarketing.es\/respaldo\/ser-becario-en-una-de-las-primeras-ferias-virtuales-internacionales\/#breadcrumb","itemListElement":[{"@type":"ListItem","position":1,"name":"Portada","item":"https:\/\/zinkmarketing.es\/respaldo\/"},{"@type":"ListItem","position":2,"name":"Ser becario en una de las primeras ferias virtuales internacionales"}]},{"@type":"WebSite","@id":"https:\/\/zinkmarketing.es\/respaldo\/#website","url":"https:\/\/zinkmarketing.es\/respaldo\/","name":"Zink Marketing","description":"| Agencia de Marketing Online &amp; Inbound","potentialAction":[{"@type":"SearchAction","target":{"@type":"EntryPoint","urlTemplate":"https:\/\/zinkmarketing.es\/respaldo\/?s={search_term_string}"},"query-input":{"@type":"PropertyValueSpecification","valueRequired":true,"valueName":"search_term_string"}}],"inLanguage":"es"},{"@type":"Person","@id":"https:\/\/zinkmarketing.es\/respaldo\/#\/schema\/person\/32158291b36d3968ce6cdba3947a21d9","name":"zinkmarketing","image":{"@type":"ImageObject","inLanguage":"es","@id":"https:\/\/zinkmarketing.es\/respaldo\/#\/schema\/person\/image\/","url":"https:\/\/secure.gravatar.com\/avatar\/eef90486c73103c4d268e3713bff4fa5?s=96&d=mm&r=g","contentUrl":"https:\/\/secure.gravatar.com\/avatar\/eef90486c73103c4d268e3713bff4fa5?s=96&d=mm&r=g","caption":"zinkmarketing"},"url":"https:\/\/zinkmarketing.es\/respaldo\/author\/zinkmarketing\/"}]}},"_links":{"self":[{"href":"https:\/\/zinkmarketing.es\/respaldo\/wp-json\/wp\/v2\/posts\/39400"}],"collection":[{"href":"https:\/\/zinkmarketing.es\/respaldo\/wp-json\/wp\/v2\/posts"}],"about":[{"href":"https:\/\/zinkmarketing.es\/respaldo\/wp-json\/wp\/v2\/types\/post"}],"author":[{"embeddable":true,"href":"https:\/\/zinkmarketing.es\/respaldo\/wp-json\/wp\/v2\/users\/1"}],"replies":[{"embeddable":true,"href":"https:\/\/zinkmarketing.es\/respaldo\/wp-json\/wp\/v2\/comments?post=39400"}],"version-history":[{"count":3,"href":"https:\/\/zinkmarketing.es\/respaldo\/wp-json\/wp\/v2\/posts\/39400\/revisions"}],"predecessor-version":[{"id":39426,"href":"https:\/\/zinkmarketing.es\/respaldo\/wp-json\/wp\/v2\/posts\/39400\/revisions\/39426"}],"wp:featuredmedia":[{"embeddable":true,"href":"https:\/\/zinkmarketing.es\/respaldo\/wp-json\/wp\/v2\/media\/37019"}],"wp:attachment":[{"href":"https:\/\/zinkmarketing.es\/respaldo\/wp-json\/wp\/v2\/media?parent=39400"}],"wp:term":[{"taxonomy":"category","embeddable":true,"href":"https:\/\/zinkmarketing.es\/respaldo\/wp-json\/wp\/v2\/categories?post=39400"},{"taxonomy":"post_tag","embeddable":true,"href":"https:\/\/zinkmarketing.es\/respaldo\/wp-json\/wp\/v2\/tags?post=39400"}],"curies":[{"name":"wp","href":"https:\/\/api.w.org\/{rel}","templated":true}]}}